{"id":5260,"date":"2026-09-05T18:54:39","date_gmt":"2026-09-05T16:54:39","guid":{"rendered":"https:\/\/www.wcl.de\/?p=5260"},"modified":"2026-09-06T10:25:58","modified_gmt":"2026-09-06T08:25:58","slug":"wcl-begruesst-philipp-baur-als-neuen-partner","status":"publish","type":"post","link":"https:\/\/www.wcl.de\/de\/wcl-begruesst-philipp-baur-als-neuen-partner\/","title":{"rendered":"WCL begr\u00fc\u00dft Philipp Baur als neuen Partner"},"content":{"rendered":"\n<p class=\"wp-block-paragraph\"><\/p>\n\n\n\n<p class=\"wp-block-paragraph\"><\/p>\n\n\n\n<p class=\"wp-block-paragraph\"><strong>Wir freuen uns sehr,\u00a0Philipp Baur als neuen Partner bei WCL\u00a0begr\u00fc\u00dfen zu d\u00fcrfen. Mit ihm st\u00e4rken wir unsere Pr\u00e4senz in der Schweiz und erweitern zugleich unser internationales Netzwerk um einen erfahrenen Logistikexperten mit nahezu vier Jahrzehnten Branchenerfahrung.<\/strong><\/p>\n\n\n\n<p class=\"wp-block-paragraph\">Philipp begann seine berufliche Laufbahn 1989 bei&nbsp;Atlantic Forwarding in der Schweiz, wo er \u00fcber mehr als 35 Jahre verschiedene F\u00fchrungspositionen innehatte, darunter&nbsp;General Manager Europe, Chief Operating Officer Europe und Business Development Director. In dieser Zeit war er ma\u00dfgeblich an der internationalen Entwicklung und Expansion des Unternehmens in Europa und Asien beteiligt.<\/p>\n\n\n\n<p class=\"wp-block-paragraph\">Seine internationale F\u00fchrungserfahrung reicht weit \u00fcber die Schweiz hinaus. Nahezu zwei Jahrzehnte leitete Philipp die franz\u00f6sische Landesgesellschaft in Paris. Dar\u00fcber hinaus begleitete er strategische Partnerschaften, internationale Gesch\u00e4ftsentwicklungsprojekte sowie Markteintritte in Indien, der T\u00fcrkei und weiteren Wachstumsm\u00e4rkten.<\/p>\n\n\n\n<p class=\"wp-block-paragraph\">Im Laufe seiner Karriere baute Philipp umfassende Expertise in den Bereichen&nbsp;See-, Luft- und Bahnfracht, multimodale Transportl\u00f6sungen sowie internationales Supply Chain Management&nbsp;auf. Ein weiterer Schwerpunkt seiner T\u00e4tigkeit liegt im&nbsp;Transportrecht, bei Haftungsfragen und im Risikomanagement. In diesem Zusammenhang begleitete er zahlreiche internationale Schaden- und Gerichtsverfahren in enger Zusammenarbeit mit Anwaltskanzleien, Versicherern und Unternehmensleitungen.<\/p>\n\n\n\n<p class=\"wp-block-paragraph\">Bei WCL wird Philipp insbesondere die&nbsp;weitere Entwicklung unserer Aktivit\u00e4ten im Schweizer Markt&nbsp;vorantreiben. Gleichzeitig bringt er seine internationale Managementerfahrung und sein \u00fcber Jahrzehnte aufgebautes Netzwerk in Projekte in Europa und dar\u00fcber hinaus ein.<\/p>\n\n\n\n<p class=\"wp-block-paragraph\">Dabei unterst\u00fctzt er unsere Kunden insbesondere bei&nbsp;Business Development, Marktexpansion, Nachfolgel\u00f6sungen sowie M&amp;A-Projekten in der Logistik- und Supply-Chain-Branche.<\/p>\n\n\n\n<p class=\"wp-block-paragraph\">Mit seiner Verbindung aus operativer Branchenerfahrung, strategischem Verst\u00e4ndnis und internationaler Marktkenntnis ist Philipp eine wertvolle Verst\u00e4rkung f\u00fcr unser internationales WCL Partnernetzwerk.<\/p>\n\n\n\n<p class=\"wp-block-paragraph\"><strong>Herzlich willkommen bei WCL, Philipp \u2013 wir freuen uns auf eine erfolgreiche gemeinsame Zukunft!<\/strong><\/p>\n\n\n\n<p class=\"wp-block-paragraph\"><\/p>\n","protected":false},"excerpt":{"rendered":"<p>internationales Netzwerk um einen erfahrenen Logistikexperten mit nahezu vier Jahrzehnten Branchenerfahrung.<\/p>\n","protected":false},"author":3,"featured_media":5246,"comment_status":"closed","ping_status":"closed","sticky":false,"template":"","format":"standard","meta":{"_acf_changed":false,"inline_featured_image":false,"footnotes":""},"categories":[8,4],"tags":[89,88],"class_list":["post-5260","post","type-post","status-publish","format-standard","has-post-thumbnail","hentry","category-allgemein","category-ma","tag-logistik-leadership","tag-philipp-baur-schweiz-partner-wcl"],"acf":[],"_links":{"self":[{"href":"https:\/\/www.wcl.de\/de\/wp-json\/wp\/v2\/posts\/5260","targetHints":{"allow":["GET"]}}],"collection":[{"href":"https:\/\/www.wcl.de\/de\/wp-json\/wp\/v2\/posts"}],"about":[{"href":"https:\/\/www.wcl.de\/de\/wp-json\/wp\/v2\/types\/post"}],"author":[{"embeddable":true,"href":"https:\/\/www.wcl.de\/de\/wp-json\/wp\/v2\/users\/3"}],"replies":[{"embeddable":true,"href":"https:\/\/www.wcl.de\/de\/wp-json\/wp\/v2\/comments?post=5260"}],"version-history":[{"count":4,"href":"https:\/\/www.wcl.de\/de\/wp-json\/wp\/v2\/posts\/5260\/revisions"}],"predecessor-version":[{"id":5265,"href":"https:\/\/www.wcl.de\/de\/wp-json\/wp\/v2\/posts\/5260\/revisions\/5265"}],"wp:featuredmedia":[{"embeddable":true,"href":"https:\/\/www.wcl.de\/de\/wp-json\/wp\/v2\/media\/5246"}],"wp:attachment":[{"href":"https:\/\/www.wcl.de\/de\/wp-json\/wp\/v2\/media?parent=5260"}],"wp:term":[{"taxonomy":"category","embeddable":true,"href":"https:\/\/www.wcl.de\/de\/wp-json\/wp\/v2\/categories?post=5260"},{"taxonomy":"post_tag","embeddable":true,"href":"https:\/\/www.wcl.de\/de\/wp-json\/wp\/v2\/tags?post=5260"}],"curies":[{"name":"wp","href":"https:\/\/api.w.org\/{rel}","templated":true}]}}